{"id":982,"global_id":"www.saralidman.se?id=982","global_id_lineage":["www.saralidman.se?id=982"],"author":"1","status":"publish","date":"2025-08-21 10:51:26","date_utc":"2025-08-21 08:51:26","modified":"2026-02-17 14:06:00","modified_utc":"2026-02-17 13:06:00","url":"https:\/\/www.saralidman.se\/?tribe_events=sara-och-sam-vettet","rest_url":"https:\/\/www.saralidman.se\/index.php?rest_route=\/tribe\/events\/v1\/events\/982","title":"Sara och sam-vettet","description":"<p><a href=\"http:\/\/www.saralidman.se\/wp-content\/uploads\/2025\/08\/saradagen_2026_1214-2.pdf\">saradagen_2026_1214-2<\/a><\/p>\n<div dir=\"auto\">\n<div dir=\"auto\">\n<div dir=\"auto\">\n<div>\n<div id=\"m_-5955865836090615204v1v1v1v1post-1068\">\n<div>\n<p><strong>Sara-dagen s\u00f6ndag 22 mars 13\u201316 i V\u00e4ven Ume\u00e5<\/strong><\/p>\n<p>Tema f\u00f6r \u00e5rets Sara-dag \u00e4r Sara och sam-vettet. Medverkar\u00a0g\u00f6r bland andra litteraturvetaren Ingeborg L\u00f6fgren, juridikprofessorn Joel Samuelsson och filosofen Nora H\u00e4m\u00e4l\u00e4inen som ska tala om Sara Lidmans speciella sam-vett och diskutera aktivisters engagemang mot milj\u00f6f\u00f6rst\u00f6ringen. Konstn\u00e4ren Gunilla Samberg bidrar med ett nytt performanceverk. Dessutom utdelas Sara-priset till Balsam Karam som verkar i Sara Lidmans anda av motst\u00e5nd och passion. Biljetter, 200 f\u00f6r icke-medlemmar och 150 f\u00f6r medlemmar finns till f\u00f6rs\u00e4ljning vid kulturdisken i V\u00e4ven eller via Tickster. Medlemsbiljetter \u00e4r billigare via denna l\u00e4nk: <u><a id=\"m_-5955865836090615204v1v1v1OWA99b28bed-138a-00c7-b637-0193381882c4\" href=\"https:\/\/secure.tickster.com\/b9j1wpnhrtjd3xr?c=v00gu7h\" target=\"_blank\" rel=\"noopener noreferrer\" data-saferedirecturl=\"https:\/\/www.google.com\/url?q=https:\/\/secure.tickster.com\/b9j1wpnhrtjd3xr?c%3Dv00gu7h&amp;source=gmail&amp;ust=1771419831643000&amp;usg=AOvVaw3Za9UCwkcmws4TU9o_U3bC\">https:\/\/secure.tickster.com\/<wbr \/>b9j1wpnhrtjd3xr?c=v00gu7h<\/a><\/u><\/p>\n<p>Affischen f\u00f6r Sara-dagen bifogas. F\u00e5r g\u00e4rna spridas vidare. Arrangemanget kommer att livestreamas samt finnas tillg\u00e4ngligt efter\u00e5t.<\/p>\n<p><strong>S\u00e4llskapets \u00e5rsm\u00f6te s\u00f6ndag 22 mars kl 17.30 p\u00e5 Bokkaf\u00e9 Pilgatan<\/strong><\/p>\n<p>S\u00e4llskapets \u00e5rsm\u00f6te h\u00e5lls kl 17.30 i Bokkaf\u00e9 Pilgatan. Efter \u00e5rsm\u00f6tesf\u00f6rhandlingarna bjuds p\u00e5 en enklare f\u00f6rt\u00e4ring. Underlag i form av verksamhetsber\u00e4ttelse, dagordning med mera kommer i separat utskick men f\u00f6r att ber\u00e4kna antalet g\u00e4ster ber vi om f\u00f6rhandsanm\u00e4lan under epostadress <a href=\"mailto:styrelsen@saralidman.se\" target=\"_blank\" rel=\"noopener noreferrer\">styrelsen@saralidman.se <\/a>senast 10 mars.<\/p>\n<\/div>\n<\/div>\n<\/div>\n<\/div>\n<\/div>\n<\/div>\n<div id=\"m_-5955865836090615204v1v1v1_rc_sig\"><\/div>\n<div id=\"m_-5955865836090615204signature\">&#8212;<\/div>","excerpt":"","slug":"sara-och-sam-vettet","image":false,"all_day":false,"start_date":"2026-03-22 13:00:00","start_date_details":{"year":"2026","month":"03","day":"22","hour":"13","minutes":"00","seconds":"00"},"end_date":"2026-03-22 16:30:00","end_date_details":{"year":"2026","month":"03","day":"22","hour":"16","minutes":"30","seconds":"00"},"utc_start_date":"2026-03-22 12:00:00","utc_start_date_details":{"year":"2026","month":"03","day":"22","hour":"12","minutes":"00","seconds":"00"},"utc_end_date":"2026-03-22 15:30:00","utc_end_date_details":{"year":"2026","month":"03","day":"22","hour":"15","minutes":"30","seconds":"00"},"timezone":"Europe\/Stockholm","timezone_abbr":"CET","cost":"","cost_details":{"currency_symbol":"","currency_code":"","currency_position":"prefix","values":[]},"website":"","show_map":false,"show_map_link":true,"hide_from_listings":false,"sticky":false,"featured":false,"categories":[],"tags":[],"venue":{"id":63,"author":"1","status":"publish","date":"2023-01-20 15:11:01","date_utc":"2023-01-20 14:11:01","modified":"2023-01-20 15:11:01","modified_utc":"2023-01-20 14:11:01","url":"https:\/\/www.saralidman.se\/?tribe_venue=vaven","venue":"V\u00e4ven","slug":"vaven","city":"Ume\u00e5","json_ld":{"@type":"Place","name":"V\u00e4ven","description":"","url":"","address":{"@type":"PostalAddress","addressLocality":"Ume\u00e5"},"telephone":"","sameAs":""},"show_map":true,"show_map_link":true,"global_id":"www.saralidman.se?id=63","global_id_lineage":["www.saralidman.se?id=63"]},"organizer":[],"json_ld":{"@context":"http:\/\/schema.org","@type":"Event","name":"Sara och sam-vettet","description":"&lt;p&gt;saradagen_2026_1214-2 Sara-dagen s\u00f6ndag 22 mars 13\u201316 i V\u00e4ven Ume\u00e5 Tema f\u00f6r \u00e5rets Sara-dag \u00e4r Sara och sam-vettet. Medverkar\u00a0g\u00f6r bland andra litteraturvetaren Ingeborg L\u00f6fgren, juridikprofessorn Joel Samuelsson och filosofen Nora H\u00e4m\u00e4l\u00e4inen &lt;a class=&quot;read-more&quot; href=&quot;https:\/\/www.saralidman.se\/?tribe_events=sara-och-sam-vettet&quot;&gt;Read More&lt;\/a&gt;&lt;\/p&gt;\\n","url":"https:\/\/www.saralidman.se\/?tribe_events=sara-och-sam-vettet","eventAttendanceMode":"https:\/\/schema.org\/OfflineEventAttendanceMode","startDate":"2026-03-22T13:00:00+01:00","endDate":"2026-03-22T16:30:00+01:00","location":{"@type":"Place","name":"V\u00e4ven","description":"","url":"","address":{"@type":"PostalAddress","addressLocality":"Ume\u00e5"},"telephone":"","sameAs":""},"performer":"Organization"}}