{"id":371,"date":"2023-04-05T16:38:49","date_gmt":"2023-04-05T14:38:49","guid":{"rendered":"http:\/\/www.saralidman.se\/?p=371"},"modified":"2023-04-05T16:38:49","modified_gmt":"2023-04-05T14:38:49","slug":"sara-dagen-2023","status":"publish","type":"post","link":"https:\/\/www.saralidman.se\/?p=371","title":{"rendered":"Sara-dagen 2023"},"content":{"rendered":"\n<p>Trots ett str\u00e5lande vinterv\u00e4der blev det nytt publikrekord p\u00e5 Sara-dagen i Ume\u00e5 l\u00f6rdag 25\/3. I slutet av detta \u00e5r skulle Sara Lidman ha fyllt 100 \u00e5r och under n\u00e5gra timmar p\u00e5 V\u00e4ven hyllades hon p\u00e5 m\u00e5nga olika s\u00e4tt. Det samlande temat var \u201dk\u00e4rlek lever av att k\u00e4rlek se\u201d, ett citat fr\u00e5n Shakespeare som ocks\u00e5 s\u00e4ger n\u00e5got viktigt om Saras f\u00f6rfattarskap. K\u00e4rlek i olika former \u00e4r st\u00e4ndigt n\u00e4rvarande i hennes skrivande.\u00a0 \u00a0<\/p>\n\n\n\n<p>Konferencier f\u00f6r dagen var den v\u00e4lk\u00e4nda Ume\u00e5profilen Sverker Olofsson. Han b\u00f6rjade med att v\u00e4lkomna Sara Lidmans systerdotter Ulla Danielsson och f\u00f6rfattaren Hanna Olsson, som inledde dagen med en k\u00e4rlekshyllning till Sara. Hanna lyfte fram de starka kvinnoskildringarna i Saras b\u00f6cker, hur kvinnornas liv fl\u00e4tas ihop i vardagens slit och gemenskap. Hon citerade Saras vackra ord om \u201dkvinnlig v\u00e4nskap som ett dunt\u00e4cke\u201d. &nbsp;Ulla l\u00e4ste ett avsnitt ur <em>Hjortronlandet<\/em> d\u00e4r den unga Claudette fr\u00e5gar ut farmor om livets mysterier.&nbsp;<\/p>\n\n\n\n<p>\u201d \u2013 Farmor vars var jag innan jag f\u00f6ddes.<\/p>\n\n\n\n<p>&nbsp; \u2013 I Fridas maga var du.<\/p>\n\n\n\n<p>&nbsp; \u00ad\u2013 Vars var mamma d\u00e5 innan hon f\u00f6ddes.<\/p>\n\n\n\n<p>&nbsp;&nbsp;\u2013 I din mormors maga var hon.<\/p>\n\n\n\n<p>&nbsp;&nbsp;\u2013 Men p\u00e5 den tiden medan mamma l\u00e5g i mormors maga &#8211; vars var jag d\u00e5?<\/p>\n\n\n\n<p>Annas kardor trasslade ett \u00f6gonblick och hon skrattade lite.<\/p>\n\n\n\n<p>&nbsp;&nbsp;&nbsp;\u2013 S\u00e5na sp\u00f6rsm\u00e5l stinta! Bli man int s\u00e5 huvudvill att man m\u00e5ste taga fast sej i spisst\u00e5nga. S\u00e5 p\u00e5 flata golvet man sitter.<\/p>\n\n\n\n<p>&nbsp;&nbsp;&nbsp;\u2013 Men jag m\u00e5st v\u00e4l ha vari <em>n\u00e5gerst<\/em>, sa Claudette sm\u00e5tt triumferande \u00f6ver att hon kunnat g\u00f6ra Farmor huvudvill men ocks\u00e5 orolig att hennes vetande skulle visa sig begr\u00e4nsat.<\/p>\n\n\n\n<p>&nbsp;&nbsp; \u2013 Ja jo det f\u00f6rst\u00e5s. I potatislandet \u00e5 i luften \u00e5 i kojuvret. \u201d<\/p>\n\n\n\n<p>De musikaliska inslagen under dagen stod Nina Nordvall Vahlberg f\u00f6r. F\u00f6rst spelade hon gl\u00e4djemusik p\u00e5 dragspel fr\u00e5n f\u00f6rest\u00e4llningen Lifsens rot som Nina &nbsp;turnerat med tillsammans med Ellenor Lindgren. Efter pausen blev det samiska toner med jojk och trumma. Det var vacker musik med kontraster och starka k\u00e4nslor, allt mycket skickligt framf\u00f6rt.<\/p>\n\n\n\n<p>N\u00e4sta programpunkt var \u201dUme\u00e5s egen professor\u201d som Sverker Olofsson uttryckte det, allts\u00e5 litteraturvetaren Annelie Br\u00e4nstr\u00f6m \u00d6hman. Hennes sp\u00e4nnande f\u00f6rel\u00e4sning hade titeln \u201dHundra \u00e5r av K\u00e4rlek: Om Sara Lidmans k\u00e4rleksfulla seende\u201d.&nbsp; Hon pekade p\u00e5 att k\u00e4rleken \u00e4r ett tydligt tema redan fr\u00e5n b\u00f6rjan i Sara Lidmans f\u00f6rfattarskap men att det kanske blir som tydligast i Jernbanan. D\u00e4r framst\u00e5r k\u00e4rlek och lust som en av grunderna i m\u00e4nskligt liv. Annelie l\u00e4ste de f\u00f6rsta raderna ur <em>Den underbare mannen<\/em> d\u00e4r naturen sj\u00e4lv f\u00f6rst\u00e4rker just de k\u00e4nslorna: \u201dAllt var gl\u00e4nsande. Kvistarna i taket blinkade, luften myllrade av sk\u00e4mt<\/p>\n\n\n\n<p>&nbsp;&nbsp;&nbsp;&nbsp;&nbsp;&nbsp; han beh\u00f6vde bara peka p\u00e5 en viss en s\u00e5 rodnade Anna-Stava<\/p>\n\n\n\n<p>&nbsp;&nbsp;&nbsp;&nbsp;&nbsp;&nbsp; vad t\u00e4nkte han p\u00e5 snickarn som satte en s\u00e5 oanst\u00e4ndig br\u00e4da mitt i taket?<\/p>\n\n\n\n<p>&nbsp;&nbsp;&nbsp;&nbsp;&nbsp;&nbsp; vad t\u00e4nker skaparn p\u00e5 n\u00e4r han l\u00e4gger in s\u00e5na anspelningar mitt i tr\u00e4den, den ena imperialen v\u00e4rre \u00e4n den andra! Och k\u00e5dan bara droppar och bl\u00e4nker\u201d.<\/p>\n\n\n\n<p>&nbsp;&nbsp;&nbsp; Men k\u00e4rleken enligt Sara Lidman \u00e4r aldrig utan risker, ber\u00e4ttade Annelie Br\u00e4nstr\u00f6m \u00d6hman vidare. Attraktionen kan ocks\u00e5 st\u00f6rta allt i f\u00f6rd\u00e4rvet. I Jernbanan \u00e4r Hagar kvinnan som alla m\u00e4n \u00e5tr\u00e5r men hennes egensinne g\u00f6r henne farlig. Didrik slits mellan sin upph\u00f6jda k\u00e4rlek till Anna-Stava och sin lustfyllda l\u00e4ngtan efter Hagar.<\/p>\n\n\n\n<p>Under n\u00e4sta inslag ber\u00e4ttade Sverker Olofsson om en h\u00e4ndelserik vecka i mitten av 80-talet, i samband med inspelningen av filmen Sara i Missentr\u00e4sk. Veckan blev dramatisk p\u00e5 flera s\u00e4tt. Bland annat best\u00e4mde Sara att de tillsammans skulle g\u00e5 upp p\u00e5 berget Vithatten i n\u00e4rheten, n\u00e5got hon aldrig gjort f\u00f6rut. Utflykten blev mer \u00e4ventyrlig \u00e4n v\u00e4ntat d\u00e5 det visade sig att Sara var \u201dhuvudsvag\u201d, det vill s\u00e4ga r\u00e4dd f\u00f6r h\u00f6jder. Med j\u00e4mna mellanrum lade hon sig ner och v\u00e4grade forts\u00e4tta. F\u00f6rst vid 4-tiden p\u00e5 natten var de tillbaka till huset i Missentr\u00e4sk. Sverker beskrev Sara som ganska besv\u00e4rlig men att veckan tillsammans med henne blev ett minne f\u00f6r livet. &nbsp;<\/p>\n\n\n\n<p>Till h\u00f6sten \u00e4r det premi\u00e4r f\u00f6r V\u00e4sterbottensteaterns upps\u00e4ttning av <em>Jernbanan<\/em>. Om detta ber\u00e4ttade regiss\u00f6ren Bobo Lund\u00e9n och sk\u00e5despelaren Ellenor Lindgren fr\u00e5n V\u00e4sterbottensteatern. Manuset \u00e4r skrivet av Dag Thelander och omfattar de fem f\u00f6rsta b\u00f6ckerna i sviten. Den nyskrivna musiken st\u00e5r Per Wickstr\u00f6m f\u00f6r. Precis som i deras tidigare f\u00f6rest\u00e4llning <em>Musikanternas utt\u00e5g<\/em> kommer <em>Jernbanan<\/em> att inneh\u00e5lla mycket s\u00e5ng och musik. Ellenor ber\u00e4ttade ocks\u00e5 om hur viktig f\u00f6rest\u00e4llningen <em>Lifsens rot<\/em> har varit f\u00f6r henne, att den p\u00e5 m\u00e5nga s\u00e4tt har definierat henne som sk\u00e5despelare.<\/p>\n\n\n\n<p>Sara-dagen avslutades med att G\u00f6ran Greider fick ta emot Sara Lidman-priset. \u00a0Det delades ut f\u00f6rsta g\u00e5ngen 2013 och vartannat \u00e5r sedan 2014 och kan tilldelas personer eller f\u00f6reningar som verkar i Sara Lidmans anda av motst\u00e5nd och engagemang. I motiveringen till \u00e5rets pris st\u00e5r bland annat: \u201dMed sin unika r\u00f6st och stil har G\u00f6ran Greider en alldeles egen plats i svensk debatt och litteratur. Han \u00e4r en genuin f\u00f6rsvarare av det folkliga kulturarvet och folkhemstraditionen, helt i Sara Lidmans anda\u201d. F\u00f6rutom \u00e4ran fick pristagaren Greider \u00e4ven en trana i tr\u00e4 skapad av sl\u00f6jdaren J\u00f6gge Sundkvist. I priset ing\u00e5r ocks\u00e5 en vecka i Lidmang\u00e5rden i Missentr\u00e4sk. I sitt tacktal framh\u00f6ll G\u00f6ran Greider att han s\u00e5g priset som en hedersbetygelse som var viktigare \u00e4n doktorshatten han f\u00e5tt f\u00f6reg\u00e5ende kv\u00e4ll och att han beundrade det samh\u00e4llsengagemang som Sara Lidman stod f\u00f6r.<\/p>\n\n\n\n<p>Dan Jonsson<\/p>\n","protected":false},"excerpt":{"rendered":"<p>Trots ett str\u00e5lande vinterv\u00e4der blev det nytt publikrekord p\u00e5 Sara-dagen i Ume\u00e5 l\u00f6rdag 25\/3. I slutet av detta \u00e5r skulle Sara Lidman ha fyllt 100 \u00e5r och under n\u00e5gra timmar <a class=\"read-more\" href=\"https:\/\/www.saralidman.se\/?p=371\">Read More<\/a><\/p>\n","protected":false},"author":1,"featured_media":0,"comment_status":"open","ping_status":"open","sticky":false,"template":"","format":"standard","meta":{"footnotes":""},"categories":[1],"tags":[],"class_list":["post-371","post","type-post","status-publish","format-standard","hentry","category-okategoriserade"],"_links":{"self":[{"href":"https:\/\/www.saralidman.se\/index.php?rest_route=\/wp\/v2\/posts\/371","targetHints":{"allow":["GET"]}}],"collection":[{"href":"https:\/\/www.saralidman.se\/index.php?rest_route=\/wp\/v2\/posts"}],"about":[{"href":"https:\/\/www.saralidman.se\/index.php?rest_route=\/wp\/v2\/types\/post"}],"author":[{"embeddable":true,"href":"https:\/\/www.saralidman.se\/index.php?rest_route=\/wp\/v2\/users\/1"}],"replies":[{"embeddable":true,"href":"https:\/\/www.saralidman.se\/index.php?rest_route=%2Fwp%2Fv2%2Fcomments&post=371"}],"version-history":[{"count":1,"href":"https:\/\/www.saralidman.se\/index.php?rest_route=\/wp\/v2\/posts\/371\/revisions"}],"predecessor-version":[{"id":372,"href":"https:\/\/www.saralidman.se\/index.php?rest_route=\/wp\/v2\/posts\/371\/revisions\/372"}],"wp:attachment":[{"href":"https:\/\/www.saralidman.se\/index.php?rest_route=%2Fwp%2Fv2%2Fmedia&parent=371"}],"wp:term":[{"taxonomy":"category","embeddable":true,"href":"https:\/\/www.saralidman.se\/index.php?rest_route=%2Fwp%2Fv2%2Fcategories&post=371"},{"taxonomy":"post_tag","embeddable":true,"href":"https:\/\/www.saralidman.se\/index.php?rest_route=%2Fwp%2Fv2%2Ftags&post=371"}],"curies":[{"name":"wp","href":"https:\/\/api.w.org\/{rel}","templated":true}]}}